{"id":459,"date":"2019-11-27T01:49:00","date_gmt":"2019-11-26T22:49:00","guid":{"rendered":"http:\/\/rabianazaneoldu.org\/?p=459"},"modified":"2019-12-22T01:53:53","modified_gmt":"2019-12-21T22:53:53","slug":"27-kasim-2019-5","status":"publish","type":"post","link":"http:\/\/rabianazaneoldu.org\/?p=459","title":{"rendered":"27 Kas\u0131m 2019"},"content":{"rendered":"\n<p>Tele1 TV, M\u00fcge Anl\u0131&#8217;n\u0131n \u015eaban Vatan ve Yurt Gazetesine a\u00e7t\u0131\u011f\u0131 davay\u0131 &#8220;M\u00fcge Anl\u0131\u2019dan \u015eaban Vatan ve Yurt Gazetesi\u2019ne dava&#8221; haberi ile duyurdu.<\/p>\n\n\n\n<p><a href=\"https:\/\/tele1.com.tr\/muge-anlidan-saban-vatan-ve-yurt-gazetesine-dava-104721\/\" target=\"_blank\" rel=\"noreferrer noopener\" aria-label=\" (yeni sekmede a\u00e7\u0131l\u0131r)\">https:\/\/tele1.com.tr\/muge-anlidan-saban-vatan-ve-yurt-gazetesine-dava-104721\/<\/a><\/p>\n","protected":false},"excerpt":{"rendered":"<p>Tele1 TV, M\u00fcge Anl\u0131&#8217;n\u0131n \u015eaban Vatan ve Yurt Gazetesine a\u00e7t\u0131\u011f\u0131 davay\u0131 &#8220;M\u00fcge Anl\u0131\u2019dan \u015eaban Vatan ve Yurt Gazetesi\u2019ne dava&#8221; haberi ile duyurdu. https:\/\/tele1.com.tr\/muge-anlidan-saban-vatan-ve-yurt-gazetesine-dava-104721\/<\/p>\n","protected":false},"author":1,"featured_media":460,"comment_status":"open","ping_status":"open","sticky":false,"template":"","format":"standard","meta":{"footnotes":""},"categories":[4],"tags":[],"class_list":["post-459","post","type-post","status-publish","format-standard","has-post-thumbnail","hentry","category-haber"],"_links":{"self":[{"href":"http:\/\/rabianazaneoldu.org\/index.php?rest_route=\/wp\/v2\/posts\/459","targetHints":{"allow":["GET"]}}],"collection":[{"href":"http:\/\/rabianazaneoldu.org\/index.php?rest_route=\/wp\/v2\/posts"}],"about":[{"href":"http:\/\/rabianazaneoldu.org\/index.php?rest_route=\/wp\/v2\/types\/post"}],"author":[{"embeddable":true,"href":"http:\/\/rabianazaneoldu.org\/index.php?rest_route=\/wp\/v2\/users\/1"}],"replies":[{"embeddable":true,"href":"http:\/\/rabianazaneoldu.org\/index.php?rest_route=%2Fwp%2Fv2%2Fcomments&post=459"}],"version-history":[{"count":1,"href":"http:\/\/rabianazaneoldu.org\/index.php?rest_route=\/wp\/v2\/posts\/459\/revisions"}],"predecessor-version":[{"id":461,"href":"http:\/\/rabianazaneoldu.org\/index.php?rest_route=\/wp\/v2\/posts\/459\/revisions\/461"}],"wp:featuredmedia":[{"embeddable":true,"href":"http:\/\/rabianazaneoldu.org\/index.php?rest_route=\/wp\/v2\/media\/460"}],"wp:attachment":[{"href":"http:\/\/rabianazaneoldu.org\/index.php?rest_route=%2Fwp%2Fv2%2Fmedia&parent=459"}],"wp:term":[{"taxonomy":"category","embeddable":true,"href":"http:\/\/rabianazaneoldu.org\/index.php?rest_route=%2Fwp%2Fv2%2Fcategories&post=459"},{"taxonomy":"post_tag","embeddable":true,"href":"http:\/\/rabianazaneoldu.org\/index.php?rest_route=%2Fwp%2Fv2%2Ftags&post=459"}],"curies":[{"name":"wp","href":"https:\/\/api.w.org\/{rel}","templated":true}]}}