{"id":455,"date":"2019-11-25T01:42:00","date_gmt":"2019-11-24T22:42:00","guid":{"rendered":"http:\/\/rabianazaneoldu.org\/?p=455"},"modified":"2019-12-22T01:45:02","modified_gmt":"2019-12-21T22:45:02","slug":"25-kasim-2019-2","status":"publish","type":"post","link":"http:\/\/rabianazaneoldu.org\/?p=455","title":{"rendered":"25 Kas\u0131m 2019"},"content":{"rendered":"\n<p>Yeni\u00e7a\u011f Gazetesi \u015eaban Vatan&#8217;\u0131n Yurt TV&#8217;ye verdi\u011fi r\u00f6portaj\u0131 &#8220;\u015eaban Vatan, M\u00fcge Anl\u0131&#8217;yla konu\u015fmas\u0131n\u0131 aktard\u0131: ATV&#8217;nin en \u00fcst\u00fcnden telefon geldi&#8221; ba\u015fl\u0131\u011f\u0131 ile haber yapt\u0131.<\/p>\n\n\n\n<p><a href=\"https:\/\/www.yenicaggazetesi.com.tr\/saban-vatan-muge-anliyla-konusmasini-aktardi-atvnin-en-ustunden-telefon-geldi-257874h.htm\" target=\"_blank\" rel=\"noreferrer noopener\" aria-label=\" (yeni sekmede a\u00e7\u0131l\u0131r)\">https:\/\/www.yenicaggazetesi.com.tr\/saban-vatan-muge-anliyla-konusmasini-aktardi-atvnin-en-ustunden-telefon-geldi-257874h.htm<\/a><\/p>\n","protected":false},"excerpt":{"rendered":"<p>Yeni\u00e7a\u011f Gazetesi \u015eaban Vatan&#8217;\u0131n Yurt TV&#8217;ye verdi\u011fi r\u00f6portaj\u0131 &#8220;\u015eaban Vatan, M\u00fcge Anl\u0131&#8217;yla konu\u015fmas\u0131n\u0131 aktard\u0131: ATV&#8217;nin en \u00fcst\u00fcnden telefon geldi&#8221; ba\u015fl\u0131\u011f\u0131 ile haber yapt\u0131. https:\/\/www.yenicaggazetesi.com.tr\/saban-vatan-muge-anliyla-konusmasini-aktardi-atvnin-en-ustunden-telefon-geldi-257874h.htm<\/p>\n","protected":false},"author":1,"featured_media":368,"comment_status":"open","ping_status":"open","sticky":false,"template":"","format":"standard","meta":{"footnotes":""},"categories":[4],"tags":[],"class_list":["post-455","post","type-post","status-publish","format-standard","has-post-thumbnail","hentry","category-haber"],"_links":{"self":[{"href":"http:\/\/rabianazaneoldu.org\/index.php?rest_route=\/wp\/v2\/posts\/455","targetHints":{"allow":["GET"]}}],"collection":[{"href":"http:\/\/rabianazaneoldu.org\/index.php?rest_route=\/wp\/v2\/posts"}],"about":[{"href":"http:\/\/rabianazaneoldu.org\/index.php?rest_route=\/wp\/v2\/types\/post"}],"author":[{"embeddable":true,"href":"http:\/\/rabianazaneoldu.org\/index.php?rest_route=\/wp\/v2\/users\/1"}],"replies":[{"embeddable":true,"href":"http:\/\/rabianazaneoldu.org\/index.php?rest_route=%2Fwp%2Fv2%2Fcomments&post=455"}],"version-history":[{"count":1,"href":"http:\/\/rabianazaneoldu.org\/index.php?rest_route=\/wp\/v2\/posts\/455\/revisions"}],"predecessor-version":[{"id":456,"href":"http:\/\/rabianazaneoldu.org\/index.php?rest_route=\/wp\/v2\/posts\/455\/revisions\/456"}],"wp:featuredmedia":[{"embeddable":true,"href":"http:\/\/rabianazaneoldu.org\/index.php?rest_route=\/wp\/v2\/media\/368"}],"wp:attachment":[{"href":"http:\/\/rabianazaneoldu.org\/index.php?rest_route=%2Fwp%2Fv2%2Fmedia&parent=455"}],"wp:term":[{"taxonomy":"category","embeddable":true,"href":"http:\/\/rabianazaneoldu.org\/index.php?rest_route=%2Fwp%2Fv2%2Fcategories&post=455"},{"taxonomy":"post_tag","embeddable":true,"href":"http:\/\/rabianazaneoldu.org\/index.php?rest_route=%2Fwp%2Fv2%2Ftags&post=455"}],"curies":[{"name":"wp","href":"https:\/\/api.w.org\/{rel}","templated":true}]}}