{"id":451,"date":"2019-11-27T01:36:00","date_gmt":"2019-11-26T22:36:00","guid":{"rendered":"http:\/\/rabianazaneoldu.org\/?p=451"},"modified":"2019-12-22T01:38:16","modified_gmt":"2019-12-21T22:38:16","slug":"27-kasim-2019-3","status":"publish","type":"post","link":"http:\/\/rabianazaneoldu.org\/?p=451","title":{"rendered":"27 Kas\u0131m 2019"},"content":{"rendered":"\n<p>Gazete Duvar ,\u015eaban Vatan&#8217;\u0131n Yurt TV&#8217;ye verdi\u011fi r\u00f6portaj sonras\u0131 M\u00fcge Anl\u0131&#8217;n\u0131n a\u00e7t\u0131\u011f\u0131 davay\u0131 &#8220;M\u00fcge Anl\u0131&#8217;dan \u015eaban Vatan&#8217;a dava&#8221; ba\u015fl\u0131\u011f\u0131 ile duyurdu.<\/p>\n\n\n\n<p><a href=\"https:\/\/www.gazeteduvar.com.tr\/gundem\/2019\/11\/27\/muge-anlidan-saban-vatana-dava\/\" target=\"_blank\" rel=\"noreferrer noopener\" aria-label=\" (yeni sekmede a\u00e7\u0131l\u0131r)\">https:\/\/www.gazeteduvar.com.tr\/gundem\/2019\/11\/27\/muge-anlidan-saban-vatana-dava\/<\/a><\/p>\n","protected":false},"excerpt":{"rendered":"<p>Gazete Duvar ,\u015eaban Vatan&#8217;\u0131n Yurt TV&#8217;ye verdi\u011fi r\u00f6portaj sonras\u0131 M\u00fcge Anl\u0131&#8217;n\u0131n a\u00e7t\u0131\u011f\u0131 davay\u0131 &#8220;M\u00fcge Anl\u0131&#8217;dan \u015eaban Vatan&#8217;a dava&#8221; ba\u015fl\u0131\u011f\u0131 ile duyurdu. https:\/\/www.gazeteduvar.com.tr\/gundem\/2019\/11\/27\/muge-anlidan-saban-vatana-dava\/<\/p>\n","protected":false},"author":1,"featured_media":366,"comment_status":"open","ping_status":"open","sticky":false,"template":"","format":"standard","meta":{"footnotes":""},"categories":[2],"tags":[],"class_list":["post-451","post","type-post","status-publish","format-standard","has-post-thumbnail","hentry","category-olay"],"_links":{"self":[{"href":"http:\/\/rabianazaneoldu.org\/index.php?rest_route=\/wp\/v2\/posts\/451","targetHints":{"allow":["GET"]}}],"collection":[{"href":"http:\/\/rabianazaneoldu.org\/index.php?rest_route=\/wp\/v2\/posts"}],"about":[{"href":"http:\/\/rabianazaneoldu.org\/index.php?rest_route=\/wp\/v2\/types\/post"}],"author":[{"embeddable":true,"href":"http:\/\/rabianazaneoldu.org\/index.php?rest_route=\/wp\/v2\/users\/1"}],"replies":[{"embeddable":true,"href":"http:\/\/rabianazaneoldu.org\/index.php?rest_route=%2Fwp%2Fv2%2Fcomments&post=451"}],"version-history":[{"count":1,"href":"http:\/\/rabianazaneoldu.org\/index.php?rest_route=\/wp\/v2\/posts\/451\/revisions"}],"predecessor-version":[{"id":452,"href":"http:\/\/rabianazaneoldu.org\/index.php?rest_route=\/wp\/v2\/posts\/451\/revisions\/452"}],"wp:featuredmedia":[{"embeddable":true,"href":"http:\/\/rabianazaneoldu.org\/index.php?rest_route=\/wp\/v2\/media\/366"}],"wp:attachment":[{"href":"http:\/\/rabianazaneoldu.org\/index.php?rest_route=%2Fwp%2Fv2%2Fmedia&parent=451"}],"wp:term":[{"taxonomy":"category","embeddable":true,"href":"http:\/\/rabianazaneoldu.org\/index.php?rest_route=%2Fwp%2Fv2%2Fcategories&post=451"},{"taxonomy":"post_tag","embeddable":true,"href":"http:\/\/rabianazaneoldu.org\/index.php?rest_route=%2Fwp%2Fv2%2Ftags&post=451"}],"curies":[{"name":"wp","href":"https:\/\/api.w.org\/{rel}","templated":true}]}}